{"id":70004,"date":"2019-10-31T10:20:49","date_gmt":"2019-10-31T13:20:49","guid":{"rendered":"https:\/\/ri.unipac.br\/repositorio\/?p=70004"},"modified":"2019-10-31T10:20:49","modified_gmt":"2019-10-31T13:20:49","slug":"unipac-e-sindicato-rural-realizam-palestra-para-produtores-de-leite-e-gado-de-corte","status":"publish","type":"post","link":"https:\/\/ri.unipac.br\/repositorio\/unipac-e-sindicato-rural-realizam-palestra-para-produtores-de-leite-e-gado-de-corte\/","title":{"rendered":"UNIPAC e Sindicato Rural realizam palestra para Produtores de Leite e Gado de Corte"},"content":{"rendered":"\n<p>O UNIPAC Barbacena, em parceria com o Sindicato Rural, vai realizar uma palestra para produtores rurais e convidados, com o tema: \u201cBovinocultura de Corte e Leite\u201d. A palestra ser\u00e1 ministrada pela coordenadora do curso de Medicina Veterin\u00e1ria da UNIPAC Lafaiete, professora Ivana Siqueira, e pelos professores do curso e profissionais da \u00e1rea, Helv\u00e9cio Oliveira e Rodolfo Silva Moreira C\u00e9zar. O evento ser\u00e1 no Audit\u00f3rio do Sindicato Rural de Barbacena, no dia 28\/10 (segunda-feira), de 14h \u00e0s 18h, com entrada franca.<\/p>\n\n\n\n<p>Segundo o Orientador Geral da FUPAC\/UNIPAC, professor Fernando Ventura, \u201ca iniciativa do evento se d\u00e1 em um momento importante para a cidade e regi\u00e3o, ou seja, culminando com a cria\u00e7\u00e3o do curso de Medicina Veterin\u00e1ria pela UNIPAC Barbacena. Mantivemos contato com o presidente do Sindicato Rural de Barbacena, Renato Laguardia, que prontamente, apoiou nossa iniciativa e sugeriu que abord\u00e1ssemos o tema sobre Bovinocultura de Corte e Leite\u201d.<\/p>\n\n\n\n<p>Destacando a import\u00e2ncia do evento para os produtores da regi\u00e3o, Renato Laguardia, revelou que \u201co tema proposto vai agregar muito na vida dos criadores de gado de leite e corte da regi\u00e3o. \u00c9 importante que os produtores participem dessa reciclagem para agregarem novos conhecimentos \u00e0s suas atividades di\u00e1rias\u201d.<\/p>\n\n\n\n<p>Apoiando o evento, o produtor e professor M\u00e1rio Raimundo de Melo, destaca que o curso de Medicina Veterin\u00e1ria ser\u00e1 de grande relev\u00e2ncia. \u201cEm Barbacena e regi\u00e3o tem uma pecu\u00e1ria de leite muito significativa. Somos considerados o ber\u00e7o do Gado Holand\u00eas no Brasil e isso permanece at\u00e9 hoje. Temos grandes criadores e produtores que necessitam de uma assist\u00eancia maior\u201d.<\/p>\n\n\n\n<p>A palestra \u00e9 aberta ao p\u00fablico. A UNIPAC e o Sindicato Rural fazem o convite \u00e0 popula\u00e7\u00e3o para que todos os interessados participem do evento.<\/p>\n\n\n\n<p><strong>Ivana&nbsp;Siqueira<br><\/strong>M\u00e9dica Veterin\u00e1ria, coordenadora e professora do Curso de Medicina Veterin\u00e1ria da UNIPAC Lafaiete, especialista em Educa\u00e7\u00e3o em Sa\u00fade P\u00fablica, mestre em Ci\u00eancia dos Alimentos, respons\u00e1vel t\u00e9cnica, auditora e consultora de ind\u00fastrias de produtos de origem animal e far\u00e1 a apresenta\u00e7\u00e3o geral do curso, as disciplinas trabalhadas, instala\u00e7\u00f5es, aulas pr\u00e1ticas, trabalhos de campo, parcerias e esclarecendo poss\u00edveis d\u00favidas sobre o curso e mercado de trabalho para o M\u00e9dico Veterin\u00e1rio.<\/p>\n\n\n\n<p><strong>Helv\u00e9cio Oliveira<br><\/strong>M\u00e9dico Veterin\u00e1rio, professor da Medicina Veterin\u00e1ria da UNIPAC Lafaiete, consultor de agroneg\u00f3cios&nbsp;com especializa\u00e7\u00e3o em manejo de pastagens e produ\u00e7\u00e3o animal, mestrado em Produ\u00e7\u00e3o Animal&nbsp;e Doutorado em Nutri\u00e7\u00e3o Animal. Na ocasi\u00e3o, far\u00e1 um diagn\u00f3stico do Agroneg\u00f3cio Brasileiro, com \u00eanfase na produ\u00e7\u00e3o de gado de corte e de leite no Brasil e na regi\u00e3o das vertentes, destacando o papel e a import\u00e2ncia do M\u00e9dico&nbsp;Veterin\u00e1rio neste contexto.<\/p>\n\n\n\n<p><strong>Rodolfo Silva Moreira C\u00e9zar<br><\/strong>M\u00e9dico Veterin\u00e1rio, professor da Medicina Veterin\u00e1ria da UNIPAC Lafaiete,&nbsp;mestre em Parasitologia e doutorando na mesma \u00e1rea. Possui ampla experi\u00eancia na \u00e1rea de Doen\u00e7as Parasit\u00e1rias de Animais, atuando principalmente na Epidemiologia, diagn\u00f3stico e controle de&nbsp;Fasciola hep\u00e1tica&nbsp;e helmintos gastrintestinais de ruminantes, biologia, imunologia, diagn\u00f3stico e controle de carrapatos e moscas de ruminantes, equ\u00eddeos e c\u00e3es. Ir\u00e1 ressaltar os impactos das parasitoses nos sistemas de produ\u00e7\u00e3o e na sua produtividade, evidenciando a import\u00e2ncia da atua\u00e7\u00e3o do M\u00e9dico Veterin\u00e1rio no controle e monitoramento dos sistemas de produ\u00e7\u00e3o, evidenciando perdas e lucratividades afins.<\/p>\n","protected":false},"excerpt":{"rendered":"<p>O UNIPAC Barbacena, em parceria com o Sindicato Rural, vai realizar uma palestra para produtores rurais e convidados, com o tema: \u201cBovinocultura de Corte e Leite\u201d. A palestra ser\u00e1 ministrada pela coordenadora do curso de Medicina Veterin\u00e1ria da UNIPAC Lafaiete, professora Ivana Siqueira, e pelos professores do curso e profissionais da \u00e1rea, Helv\u00e9cio Oliveira e [&hellip;]<\/p>\n","protected":false},"author":4,"featured_media":0,"comment_status":"open","ping_status":"open","sticky":false,"template":"","format":"standard","meta":{"_monsterinsights_skip_tracking":false,"_monsterinsights_sitenote_active":false,"_monsterinsights_sitenote_note":"","_monsterinsights_sitenote_category":0},"categories":[1],"tags":[],"tnc_tax_106621":[],"tnc_tax_87599":[],"tnc_tax_85119":[],"tnc_tax_71119":[],"tnc_tax_69261":[],"tnc_tax_25656":[],"yoast_head":"<!-- This site is optimized with the Yoast SEO plugin v19.13 - https:\/\/yoast.com\/wordpress\/plugins\/seo\/ -->\n<title>UNIPAC e Sindicato Rural realizam palestra para Produtores de Leite e Gado de Corte - Reposit\u00f3rio Institucional FUPAC\/UNIPAC<\/title>\n<meta name=\"robots\" content=\"index, follow, max-snippet:-1, max-image-preview:large, max-video-preview:-1\" \/>\n<link rel=\"canonical\" href=\"https:\/\/ri.unipac.br\/repositorio\/unipac-e-sindicato-rural-realizam-palestra-para-produtores-de-leite-e-gado-de-corte\/\" \/>\n<meta property=\"og:locale\" content=\"pt_BR\" \/>\n<meta property=\"og:type\" content=\"article\" \/>\n<meta property=\"og:title\" content=\"UNIPAC e Sindicato Rural realizam palestra para Produtores de Leite e Gado de Corte - Reposit\u00f3rio Institucional FUPAC\/UNIPAC\" \/>\n<meta property=\"og:description\" content=\"O UNIPAC Barbacena, em parceria com o Sindicato Rural, vai realizar uma palestra para produtores rurais e convidados, com o tema: \u201cBovinocultura de Corte e Leite\u201d. A palestra ser\u00e1 ministrada pela coordenadora do curso de Medicina Veterin\u00e1ria da UNIPAC Lafaiete, professora Ivana Siqueira, e pelos professores do curso e profissionais da \u00e1rea, Helv\u00e9cio Oliveira e [&hellip;]\" \/>\n<meta property=\"og:url\" content=\"https:\/\/ri.unipac.br\/repositorio\/unipac-e-sindicato-rural-realizam-palestra-para-produtores-de-leite-e-gado-de-corte\/\" \/>\n<meta property=\"og:site_name\" content=\"Reposit\u00f3rio Institucional FUPAC\/UNIPAC\" \/>\n<meta property=\"article:publisher\" content=\"https:\/\/www.facebook.com\/bibliotecaunipac\" \/>\n<meta property=\"article:published_time\" content=\"2019-10-31T13:20:49+00:00\" \/>\n<meta name=\"author\" content=\"Rosy Oliveira\" \/>\n<meta name=\"twitter:card\" content=\"summary_large_image\" \/>\n<meta name=\"twitter:label1\" content=\"Escrito por\" \/>\n\t<meta name=\"twitter:data1\" content=\"Rosy Oliveira\" \/>\n\t<meta name=\"twitter:label2\" content=\"Est. tempo de leitura\" \/>\n\t<meta name=\"twitter:data2\" content=\"3 minutos\" \/>\n<script type=\"application\/ld+json\" class=\"yoast-schema-graph\">{\"@context\":\"https:\/\/schema.org\",\"@graph\":[{\"@type\":\"Article\",\"@id\":\"https:\/\/ri.unipac.br\/repositorio\/unipac-e-sindicato-rural-realizam-palestra-para-produtores-de-leite-e-gado-de-corte\/#article\",\"isPartOf\":{\"@id\":\"https:\/\/ri.unipac.br\/repositorio\/unipac-e-sindicato-rural-realizam-palestra-para-produtores-de-leite-e-gado-de-corte\/\"},\"author\":{\"name\":\"Rosy Oliveira\",\"@id\":\"https:\/\/ri.unipac.br\/repositorio\/#\/schema\/person\/6c9af6823d66689cf75afda128350f59\"},\"headline\":\"UNIPAC e Sindicato Rural realizam palestra para Produtores de Leite e Gado de Corte\",\"datePublished\":\"2019-10-31T13:20:49+00:00\",\"dateModified\":\"2019-10-31T13:20:49+00:00\",\"mainEntityOfPage\":{\"@id\":\"https:\/\/ri.unipac.br\/repositorio\/unipac-e-sindicato-rural-realizam-palestra-para-produtores-de-leite-e-gado-de-corte\/\"},\"wordCount\":604,\"commentCount\":0,\"publisher\":{\"@id\":\"https:\/\/ri.unipac.br\/repositorio\/#organization\"},\"inLanguage\":\"pt-BR\",\"potentialAction\":[{\"@type\":\"CommentAction\",\"name\":\"Comment\",\"target\":[\"https:\/\/ri.unipac.br\/repositorio\/unipac-e-sindicato-rural-realizam-palestra-para-produtores-de-leite-e-gado-de-corte\/#respond\"]}]},{\"@type\":\"WebPage\",\"@id\":\"https:\/\/ri.unipac.br\/repositorio\/unipac-e-sindicato-rural-realizam-palestra-para-produtores-de-leite-e-gado-de-corte\/\",\"url\":\"https:\/\/ri.unipac.br\/repositorio\/unipac-e-sindicato-rural-realizam-palestra-para-produtores-de-leite-e-gado-de-corte\/\",\"name\":\"UNIPAC e Sindicato Rural realizam palestra para Produtores de Leite e Gado de Corte - Reposit\u00f3rio Institucional FUPAC\/UNIPAC\",\"isPartOf\":{\"@id\":\"https:\/\/ri.unipac.br\/repositorio\/#website\"},\"datePublished\":\"2019-10-31T13:20:49+00:00\",\"dateModified\":\"2019-10-31T13:20:49+00:00\",\"breadcrumb\":{\"@id\":\"https:\/\/ri.unipac.br\/repositorio\/unipac-e-sindicato-rural-realizam-palestra-para-produtores-de-leite-e-gado-de-corte\/#breadcrumb\"},\"inLanguage\":\"pt-BR\",\"potentialAction\":[{\"@type\":\"ReadAction\",\"target\":[\"https:\/\/ri.unipac.br\/repositorio\/unipac-e-sindicato-rural-realizam-palestra-para-produtores-de-leite-e-gado-de-corte\/\"]}]},{\"@type\":\"BreadcrumbList\",\"@id\":\"https:\/\/ri.unipac.br\/repositorio\/unipac-e-sindicato-rural-realizam-palestra-para-produtores-de-leite-e-gado-de-corte\/#breadcrumb\",\"itemListElement\":[{\"@type\":\"ListItem\",\"position\":1,\"name\":\"In\u00edcio\",\"item\":\"https:\/\/ri.unipac.br\/repositorio\/\"},{\"@type\":\"ListItem\",\"position\":2,\"name\":\"UNIPAC e Sindicato Rural realizam palestra para Produtores de Leite e Gado de Corte\"}]},{\"@type\":\"WebSite\",\"@id\":\"https:\/\/ri.unipac.br\/repositorio\/#website\",\"url\":\"https:\/\/ri.unipac.br\/repositorio\/\",\"name\":\"Reposit\u00f3rio Institucional FUPAC\/UNIPAC\",\"description\":\"Reposit\u00f3rio Institucional FUPAC\/UNIPAC\",\"publisher\":{\"@id\":\"https:\/\/ri.unipac.br\/repositorio\/#organization\"},\"potentialAction\":[{\"@type\":\"SearchAction\",\"target\":{\"@type\":\"EntryPoint\",\"urlTemplate\":\"https:\/\/ri.unipac.br\/repositorio\/?s={search_term_string}\"},\"query-input\":\"required name=search_term_string\"}],\"inLanguage\":\"pt-BR\"},{\"@type\":\"Organization\",\"@id\":\"https:\/\/ri.unipac.br\/repositorio\/#organization\",\"name\":\"Reposit\u00f3rio Institucional FUPAC\/UNIPAC\",\"url\":\"https:\/\/ri.unipac.br\/repositorio\/\",\"logo\":{\"@type\":\"ImageObject\",\"inLanguage\":\"pt-BR\",\"@id\":\"https:\/\/ri.unipac.br\/repositorio\/#\/schema\/logo\/image\/\",\"url\":\"https:\/\/ri.unipac.br\/repositorio\/wp-content\/uploads\/2019\/01\/cropped-Logorepositorio-2.png\",\"contentUrl\":\"https:\/\/ri.unipac.br\/repositorio\/wp-content\/uploads\/2019\/01\/cropped-Logorepositorio-2.png\",\"width\":25,\"height\":25,\"caption\":\"Reposit\u00f3rio Institucional FUPAC\/UNIPAC\"},\"image\":{\"@id\":\"https:\/\/ri.unipac.br\/repositorio\/#\/schema\/logo\/image\/\"},\"sameAs\":[\"https:\/\/www.facebook.com\/bibliotecaunipac\"]},{\"@type\":\"Person\",\"@id\":\"https:\/\/ri.unipac.br\/repositorio\/#\/schema\/person\/6c9af6823d66689cf75afda128350f59\",\"name\":\"Rosy Oliveira\",\"image\":{\"@type\":\"ImageObject\",\"inLanguage\":\"pt-BR\",\"@id\":\"https:\/\/ri.unipac.br\/repositorio\/#\/schema\/person\/image\/\",\"url\":\"https:\/\/secure.gravatar.com\/avatar\/b5eccdbd7cfe3b4e587d643a69db996f?s=96&d=mm&r=g\",\"contentUrl\":\"https:\/\/secure.gravatar.com\/avatar\/b5eccdbd7cfe3b4e587d643a69db996f?s=96&d=mm&r=g\",\"caption\":\"Rosy Oliveira\"},\"description\":\"Possui gradua\u00e7\u00e3o em Biblioteconomia pela Escola de Ci\u00eancia da Informa\u00e7\u00e3o da Universidade Federal de Minas Gerais (UFMG). Especializa\u00e7\u00e3o em Inform\u00e1tica e Educa\u00e7\u00e3o pela Universidade Federal de Lavras (UFLA). Mestranda em Ci\u00eancia da Informa\u00e7\u00e3o (linha de pesquisa em Arquitetura e Organiza\u00e7\u00e3o da Informa\u00e7\u00e3o) pela Escola de Ci\u00eancia da Informa\u00e7\u00e3o da Universidade Federal de Minas Gerais (UFMG). Colaboradora do Grupo de Pesquisa Modelagem Conceitual para Organiza\u00e7\u00e3o e Representa\u00e7\u00e3o da Informa\u00e7\u00e3o Hipertextual- MHTX (UFMG). Bibliotec\u00e1ria. Docente. Indexadora da BIREME. Consultora. Temas de interesse: Organiza\u00e7\u00e3o e Representa\u00e7\u00e3o do Conhecimento. Modelagem conceitual (FRBR, FRAD e FRSAD).\"}]}<\/script>\n<!-- \/ Yoast SEO plugin. -->","yoast_head_json":{"title":"UNIPAC e Sindicato Rural realizam palestra para Produtores de Leite e Gado de Corte - Reposit\u00f3rio Institucional FUPAC\/UNIPAC","robots":{"index":"index","follow":"follow","max-snippet":"max-snippet:-1","max-image-preview":"max-image-preview:large","max-video-preview":"max-video-preview:-1"},"canonical":"https:\/\/ri.unipac.br\/repositorio\/unipac-e-sindicato-rural-realizam-palestra-para-produtores-de-leite-e-gado-de-corte\/","og_locale":"pt_BR","og_type":"article","og_title":"UNIPAC e Sindicato Rural realizam palestra para Produtores de Leite e Gado de Corte - Reposit\u00f3rio Institucional FUPAC\/UNIPAC","og_description":"O UNIPAC Barbacena, em parceria com o Sindicato Rural, vai realizar uma palestra para produtores rurais e convidados, com o tema: \u201cBovinocultura de Corte e Leite\u201d. A palestra ser\u00e1 ministrada pela coordenadora do curso de Medicina Veterin\u00e1ria da UNIPAC Lafaiete, professora Ivana Siqueira, e pelos professores do curso e profissionais da \u00e1rea, Helv\u00e9cio Oliveira e [&hellip;]","og_url":"https:\/\/ri.unipac.br\/repositorio\/unipac-e-sindicato-rural-realizam-palestra-para-produtores-de-leite-e-gado-de-corte\/","og_site_name":"Reposit\u00f3rio Institucional FUPAC\/UNIPAC","article_publisher":"https:\/\/www.facebook.com\/bibliotecaunipac","article_published_time":"2019-10-31T13:20:49+00:00","author":"Rosy Oliveira","twitter_card":"summary_large_image","twitter_misc":{"Escrito por":"Rosy Oliveira","Est. tempo de leitura":"3 minutos"},"schema":{"@context":"https:\/\/schema.org","@graph":[{"@type":"Article","@id":"https:\/\/ri.unipac.br\/repositorio\/unipac-e-sindicato-rural-realizam-palestra-para-produtores-de-leite-e-gado-de-corte\/#article","isPartOf":{"@id":"https:\/\/ri.unipac.br\/repositorio\/unipac-e-sindicato-rural-realizam-palestra-para-produtores-de-leite-e-gado-de-corte\/"},"author":{"name":"Rosy Oliveira","@id":"https:\/\/ri.unipac.br\/repositorio\/#\/schema\/person\/6c9af6823d66689cf75afda128350f59"},"headline":"UNIPAC e Sindicato Rural realizam palestra para Produtores de Leite e Gado de Corte","datePublished":"2019-10-31T13:20:49+00:00","dateModified":"2019-10-31T13:20:49+00:00","mainEntityOfPage":{"@id":"https:\/\/ri.unipac.br\/repositorio\/unipac-e-sindicato-rural-realizam-palestra-para-produtores-de-leite-e-gado-de-corte\/"},"wordCount":604,"commentCount":0,"publisher":{"@id":"https:\/\/ri.unipac.br\/repositorio\/#organization"},"inLanguage":"pt-BR","potentialAction":[{"@type":"CommentAction","name":"Comment","target":["https:\/\/ri.unipac.br\/repositorio\/unipac-e-sindicato-rural-realizam-palestra-para-produtores-de-leite-e-gado-de-corte\/#respond"]}]},{"@type":"WebPage","@id":"https:\/\/ri.unipac.br\/repositorio\/unipac-e-sindicato-rural-realizam-palestra-para-produtores-de-leite-e-gado-de-corte\/","url":"https:\/\/ri.unipac.br\/repositorio\/unipac-e-sindicato-rural-realizam-palestra-para-produtores-de-leite-e-gado-de-corte\/","name":"UNIPAC e Sindicato Rural realizam palestra para Produtores de Leite e Gado de Corte - Reposit\u00f3rio Institucional FUPAC\/UNIPAC","isPartOf":{"@id":"https:\/\/ri.unipac.br\/repositorio\/#website"},"datePublished":"2019-10-31T13:20:49+00:00","dateModified":"2019-10-31T13:20:49+00:00","breadcrumb":{"@id":"https:\/\/ri.unipac.br\/repositorio\/unipac-e-sindicato-rural-realizam-palestra-para-produtores-de-leite-e-gado-de-corte\/#breadcrumb"},"inLanguage":"pt-BR","potentialAction":[{"@type":"ReadAction","target":["https:\/\/ri.unipac.br\/repositorio\/unipac-e-sindicato-rural-realizam-palestra-para-produtores-de-leite-e-gado-de-corte\/"]}]},{"@type":"BreadcrumbList","@id":"https:\/\/ri.unipac.br\/repositorio\/unipac-e-sindicato-rural-realizam-palestra-para-produtores-de-leite-e-gado-de-corte\/#breadcrumb","itemListElement":[{"@type":"ListItem","position":1,"name":"In\u00edcio","item":"https:\/\/ri.unipac.br\/repositorio\/"},{"@type":"ListItem","position":2,"name":"UNIPAC e Sindicato Rural realizam palestra para Produtores de Leite e Gado de Corte"}]},{"@type":"WebSite","@id":"https:\/\/ri.unipac.br\/repositorio\/#website","url":"https:\/\/ri.unipac.br\/repositorio\/","name":"Reposit\u00f3rio Institucional FUPAC\/UNIPAC","description":"Reposit\u00f3rio Institucional FUPAC\/UNIPAC","publisher":{"@id":"https:\/\/ri.unipac.br\/repositorio\/#organization"},"potentialAction":[{"@type":"SearchAction","target":{"@type":"EntryPoint","urlTemplate":"https:\/\/ri.unipac.br\/repositorio\/?s={search_term_string}"},"query-input":"required name=search_term_string"}],"inLanguage":"pt-BR"},{"@type":"Organization","@id":"https:\/\/ri.unipac.br\/repositorio\/#organization","name":"Reposit\u00f3rio Institucional FUPAC\/UNIPAC","url":"https:\/\/ri.unipac.br\/repositorio\/","logo":{"@type":"ImageObject","inLanguage":"pt-BR","@id":"https:\/\/ri.unipac.br\/repositorio\/#\/schema\/logo\/image\/","url":"https:\/\/ri.unipac.br\/repositorio\/wp-content\/uploads\/2019\/01\/cropped-Logorepositorio-2.png","contentUrl":"https:\/\/ri.unipac.br\/repositorio\/wp-content\/uploads\/2019\/01\/cropped-Logorepositorio-2.png","width":25,"height":25,"caption":"Reposit\u00f3rio Institucional FUPAC\/UNIPAC"},"image":{"@id":"https:\/\/ri.unipac.br\/repositorio\/#\/schema\/logo\/image\/"},"sameAs":["https:\/\/www.facebook.com\/bibliotecaunipac"]},{"@type":"Person","@id":"https:\/\/ri.unipac.br\/repositorio\/#\/schema\/person\/6c9af6823d66689cf75afda128350f59","name":"Rosy Oliveira","image":{"@type":"ImageObject","inLanguage":"pt-BR","@id":"https:\/\/ri.unipac.br\/repositorio\/#\/schema\/person\/image\/","url":"https:\/\/secure.gravatar.com\/avatar\/b5eccdbd7cfe3b4e587d643a69db996f?s=96&d=mm&r=g","contentUrl":"https:\/\/secure.gravatar.com\/avatar\/b5eccdbd7cfe3b4e587d643a69db996f?s=96&d=mm&r=g","caption":"Rosy Oliveira"},"description":"Possui gradua\u00e7\u00e3o em Biblioteconomia pela Escola de Ci\u00eancia da Informa\u00e7\u00e3o da Universidade Federal de Minas Gerais (UFMG). Especializa\u00e7\u00e3o em Inform\u00e1tica e Educa\u00e7\u00e3o pela Universidade Federal de Lavras (UFLA). Mestranda em Ci\u00eancia da Informa\u00e7\u00e3o (linha de pesquisa em Arquitetura e Organiza\u00e7\u00e3o da Informa\u00e7\u00e3o) pela Escola de Ci\u00eancia da Informa\u00e7\u00e3o da Universidade Federal de Minas Gerais (UFMG). Colaboradora do Grupo de Pesquisa Modelagem Conceitual para Organiza\u00e7\u00e3o e Representa\u00e7\u00e3o da Informa\u00e7\u00e3o Hipertextual- MHTX (UFMG). Bibliotec\u00e1ria. Docente. Indexadora da BIREME. Consultora. Temas de interesse: Organiza\u00e7\u00e3o e Representa\u00e7\u00e3o do Conhecimento. Modelagem conceitual (FRBR, FRAD e FRSAD)."}]}},"_links":{"self":[{"href":"https:\/\/ri.unipac.br\/repositorio\/wp-json\/wp\/v2\/posts\/70004"}],"collection":[{"href":"https:\/\/ri.unipac.br\/repositorio\/wp-json\/wp\/v2\/posts"}],"about":[{"href":"https:\/\/ri.unipac.br\/repositorio\/wp-json\/wp\/v2\/types\/post"}],"author":[{"embeddable":true,"href":"https:\/\/ri.unipac.br\/repositorio\/wp-json\/wp\/v2\/users\/4"}],"replies":[{"embeddable":true,"href":"https:\/\/ri.unipac.br\/repositorio\/wp-json\/wp\/v2\/comments?post=70004"}],"version-history":[{"count":1,"href":"https:\/\/ri.unipac.br\/repositorio\/wp-json\/wp\/v2\/posts\/70004\/revisions"}],"predecessor-version":[{"id":70005,"href":"https:\/\/ri.unipac.br\/repositorio\/wp-json\/wp\/v2\/posts\/70004\/revisions\/70005"}],"wp:attachment":[{"href":"https:\/\/ri.unipac.br\/repositorio\/wp-json\/wp\/v2\/media?parent=70004"}],"wp:term":[{"taxonomy":"category","embeddable":true,"href":"https:\/\/ri.unipac.br\/repositorio\/wp-json\/wp\/v2\/categories?post=70004"},{"taxonomy":"post_tag","embeddable":true,"href":"https:\/\/ri.unipac.br\/repositorio\/wp-json\/wp\/v2\/tags?post=70004"},{"taxonomy":"tnc_tax_106621","embeddable":true,"href":"https:\/\/ri.unipac.br\/repositorio\/wp-json\/wp\/v2\/tnc_tax_106621?post=70004"},{"taxonomy":"tnc_tax_87599","embeddable":true,"href":"https:\/\/ri.unipac.br\/repositorio\/wp-json\/wp\/v2\/tnc_tax_87599?post=70004"},{"taxonomy":"tnc_tax_85119","embeddable":true,"href":"https:\/\/ri.unipac.br\/repositorio\/wp-json\/wp\/v2\/tnc_tax_85119?post=70004"},{"taxonomy":"tnc_tax_71119","embeddable":true,"href":"https:\/\/ri.unipac.br\/repositorio\/wp-json\/wp\/v2\/tnc_tax_71119?post=70004"},{"taxonomy":"tnc_tax_69261","embeddable":true,"href":"https:\/\/ri.unipac.br\/repositorio\/wp-json\/wp\/v2\/tnc_tax_69261?post=70004"},{"taxonomy":"tnc_tax_25656","embeddable":true,"href":"https:\/\/ri.unipac.br\/repositorio\/wp-json\/wp\/v2\/tnc_tax_25656?post=70004"}],"curies":[{"name":"wp","href":"https:\/\/api.w.org\/{rel}","templated":true}]}}