{"id":70148,"date":"2019-11-21T09:42:33","date_gmt":"2019-11-21T11:42:33","guid":{"rendered":"https:\/\/ri.unipac.br\/repositorio\/?p=70148"},"modified":"2019-11-21T09:43:09","modified_gmt":"2019-11-21T11:43:09","slug":"unipac-realiza-vestibular-tradicional-no-domingo","status":"publish","type":"post","link":"https:\/\/ri.unipac.br\/repositorio\/unipac-realiza-vestibular-tradicional-no-domingo\/","title":{"rendered":"UNIPAC realiza Vestibular tradicional, no domingo"},"content":{"rendered":"\n<p>Medicina\nVeterin\u00e1ria, Odontologia e mais 20 cursos, nas mais diversas \u00e1reas do\nconhecimento, s\u00e3o oferecidos neste Processo Seletivo<\/p>\n\n\n\n<p>O UNIPAC j\u00e1 \nest\u00e1 nos preparativos finais para o Vestibular UNIPAC 2020 Tradicional, \nque ser\u00e1 no pr\u00f3ximo domingo (24\/11). Os interessados ainda podem \nrealizar suas inscri\u00e7\u00f5es at\u00e9 dia 21\/11, conferir o edital completo e \ntodas as informa\u00e7\u00f5es pelo site:&nbsp;<a href=\"https:\/\/vestibular.unipac.br\/\">https:\/\/vestibular.unipac.br\/<\/a>.\n A grande novidade do Vestibular UNIPAC 2020, ser\u00e1 o curso de Medicina \nVeterin\u00e1ria em Barbacena. A Institui\u00e7\u00e3o lan\u00e7a na cidade o novo curso, \nque j\u00e1 \u00e9 ofertado na UNIPAC Lafaiete, mantendo os altos padr\u00f5es de \nqualidade e excel\u00eancia.<\/p>\n\n\n\n<p><br> O UNIPAC oferece aos seus alunos ensino de excel\u00eancia e experi\u00eancias pr\u00e1ticas\ncom ampla estrutura em laborat\u00f3rios, recursos tecnol\u00f3gicos, biblioteca\natualizada com milhares de t\u00edtulos f\u00edsicos e virtuais e Sala de Aprendizagem\nAtiva. A institui\u00e7\u00e3o tem interesse constante na extens\u00e3o, pesquisa cient\u00edfica e\ncidadania; possui diversas facilidades para o estudante ingressar em um de seus\ncursos, al\u00e9m de uma equipe de professores altamente qualificados.<\/p>\n\n\n\n<p>A institui\u00e7\u00e3o conta com v\u00e1rios cursos\npresenciais e tamb\u00e9m Educa\u00e7\u00e3o a Dist\u00e2ncia (EAD). Abaixo os cursos oferecidos em\nBarbacena e Conselheiro Lafaiete.<\/p>\n\n\n\n<p><strong>Barbacena<br> <\/strong>\u2013 Administra\u00e7\u00e3o<br> \u2013 Arquitetura e Urbanismo<br> \u2013 Biomedicina<br> \u2013 Ci\u00eancia da Computa\u00e7\u00e3o<br> \u2013 Ci\u00eancias Cont\u00e1beis<br> \u2013 Direito<br> \u2013 Educa\u00e7\u00e3o F\u00edsica<br> \u2013 Enfermagem<br> \u2013 Engenharia Civil<br> \u2013 Farm\u00e1cia<br> \u2013 Fisioterapia<br> \u2013 Medicina Veterin\u00e1ria<br> \u2013 Nutri\u00e7\u00e3o<br> \u2013 Odontologia<br> \u2013 Pedagogia<br> \u2013 Psicologia<br> \u2013 Publicidade e Propaganda<\/p>\n\n\n\n<p><br> <strong>Conselheiro Lafaiete<br> <\/strong>\u2013 Administra\u00e7\u00e3o<br> \u2013 Arquitetura e Urbanismo<br> \u2013 Ci\u00eancias Cont\u00e1beis<br> \u2013 Curso Superior de Tecnologia em Gest\u00e3o de Recursos Humanos<br> \u2013 Curso Superior de Tecnologia em Log\u00edstica<br> \u2013 Curso Superior de Tecnologia de Sistemas para Internet<br> \u2013 Curso Superior de Tecnologia em Sistemas Embarcados<br> \u2013 Educa\u00e7\u00e3o F\u00edsica<br> \u2013 Engenharia Civil<br> \u2013 Engenharia de Controle e Automa\u00e7\u00e3o<br> \u2013 Engenharia da Computa\u00e7\u00e3o<br> \u2013 Engenharia de Minas<br> \u2013 Engenharia de Produ\u00e7\u00e3o<br> \u2013 Engenharia El\u00e9trica<br> \u2013 Engenharia Mec\u00e2nica<br> \u2013 Medicina Veterin\u00e1ria<br> \u2013 Pedagogia<br> \u2013 Psicologia<br> <br> <strong>Educa\u00e7\u00e3o a Dist\u00e2ncia (EAD)<\/strong><br> \u2013 Administra\u00e7\u00e3o<br> \u2013 Gest\u00e3o Financeira<br> \u2013 Gest\u00e3o de Recursos Humanos<br> \u2013 Log\u00edstica<br> \u2013 Pedagogia<\/p>\n\n\n\n<p>Informa\u00e7\u00f5es e inscri\u00e7\u00f5es pelo site:<a href=\"https:\/\/vestibular.unipac.br\/\"> vestibular.unipac.br<\/a> e pelo telefone: (32) 3339-3990. &nbsp;&nbsp;&nbsp;&nbsp;&nbsp;&nbsp;&nbsp;&nbsp;&nbsp;&nbsp;<\/p>\n","protected":false},"excerpt":{"rendered":"<p>Medicina Veterin\u00e1ria, Odontologia e mais 20 cursos, nas mais diversas \u00e1reas do conhecimento, s\u00e3o oferecidos neste Processo Seletivo O UNIPAC j\u00e1 est\u00e1 nos preparativos finais para o Vestibular UNIPAC 2020 Tradicional, que ser\u00e1 no pr\u00f3ximo domingo (24\/11). Os interessados ainda podem realizar suas inscri\u00e7\u00f5es at\u00e9 dia 21\/11, conferir o edital completo e todas as informa\u00e7\u00f5es [&hellip;]<\/p>\n","protected":false},"author":4,"featured_media":0,"comment_status":"open","ping_status":"open","sticky":true,"template":"","format":"standard","meta":{"_monsterinsights_skip_tracking":false,"_monsterinsights_sitenote_active":false,"_monsterinsights_sitenote_note":"","_monsterinsights_sitenote_category":0},"categories":[228],"tags":[],"tnc_tax_106621":[],"tnc_tax_87599":[],"tnc_tax_85119":[],"tnc_tax_71119":[],"tnc_tax_69261":[],"tnc_tax_25656":[],"yoast_head":"<!-- This site is optimized with the Yoast SEO plugin v19.13 - https:\/\/yoast.com\/wordpress\/plugins\/seo\/ -->\n<title>UNIPAC realiza Vestibular tradicional, no domingo - Reposit\u00f3rio Institucional FUPAC\/UNIPAC<\/title>\n<meta name=\"robots\" content=\"index, follow, max-snippet:-1, max-image-preview:large, max-video-preview:-1\" \/>\n<link rel=\"canonical\" href=\"https:\/\/ri.unipac.br\/repositorio\/unipac-realiza-vestibular-tradicional-no-domingo\/\" \/>\n<meta property=\"og:locale\" content=\"pt_BR\" \/>\n<meta property=\"og:type\" content=\"article\" \/>\n<meta property=\"og:title\" content=\"UNIPAC realiza Vestibular tradicional, no domingo - Reposit\u00f3rio Institucional FUPAC\/UNIPAC\" \/>\n<meta property=\"og:description\" content=\"Medicina Veterin\u00e1ria, Odontologia e mais 20 cursos, nas mais diversas \u00e1reas do conhecimento, s\u00e3o oferecidos neste Processo Seletivo O UNIPAC j\u00e1 est\u00e1 nos preparativos finais para o Vestibular UNIPAC 2020 Tradicional, que ser\u00e1 no pr\u00f3ximo domingo (24\/11). Os interessados ainda podem realizar suas inscri\u00e7\u00f5es at\u00e9 dia 21\/11, conferir o edital completo e todas as informa\u00e7\u00f5es [&hellip;]\" \/>\n<meta property=\"og:url\" content=\"https:\/\/ri.unipac.br\/repositorio\/unipac-realiza-vestibular-tradicional-no-domingo\/\" \/>\n<meta property=\"og:site_name\" content=\"Reposit\u00f3rio Institucional FUPAC\/UNIPAC\" \/>\n<meta property=\"article:publisher\" content=\"https:\/\/www.facebook.com\/bibliotecaunipac\" \/>\n<meta property=\"article:published_time\" content=\"2019-11-21T11:42:33+00:00\" \/>\n<meta property=\"article:modified_time\" content=\"2019-11-21T11:43:09+00:00\" \/>\n<meta name=\"author\" content=\"Rosy Oliveira\" \/>\n<meta name=\"twitter:card\" content=\"summary_large_image\" \/>\n<meta name=\"twitter:label1\" content=\"Escrito por\" \/>\n\t<meta name=\"twitter:data1\" content=\"Rosy Oliveira\" \/>\n\t<meta name=\"twitter:label2\" content=\"Est. tempo de leitura\" \/>\n\t<meta name=\"twitter:data2\" content=\"2 minutos\" \/>\n<script type=\"application\/ld+json\" class=\"yoast-schema-graph\">{\"@context\":\"https:\/\/schema.org\",\"@graph\":[{\"@type\":\"Article\",\"@id\":\"https:\/\/ri.unipac.br\/repositorio\/unipac-realiza-vestibular-tradicional-no-domingo\/#article\",\"isPartOf\":{\"@id\":\"https:\/\/ri.unipac.br\/repositorio\/unipac-realiza-vestibular-tradicional-no-domingo\/\"},\"author\":{\"name\":\"Rosy Oliveira\",\"@id\":\"https:\/\/ri.unipac.br\/repositorio\/#\/schema\/person\/6c9af6823d66689cf75afda128350f59\"},\"headline\":\"UNIPAC realiza Vestibular tradicional, no domingo\",\"datePublished\":\"2019-11-21T11:42:33+00:00\",\"dateModified\":\"2019-11-21T11:43:09+00:00\",\"mainEntityOfPage\":{\"@id\":\"https:\/\/ri.unipac.br\/repositorio\/unipac-realiza-vestibular-tradicional-no-domingo\/\"},\"wordCount\":370,\"commentCount\":0,\"publisher\":{\"@id\":\"https:\/\/ri.unipac.br\/repositorio\/#organization\"},\"articleSection\":[\"Vestibular\"],\"inLanguage\":\"pt-BR\",\"potentialAction\":[{\"@type\":\"CommentAction\",\"name\":\"Comment\",\"target\":[\"https:\/\/ri.unipac.br\/repositorio\/unipac-realiza-vestibular-tradicional-no-domingo\/#respond\"]}]},{\"@type\":\"WebPage\",\"@id\":\"https:\/\/ri.unipac.br\/repositorio\/unipac-realiza-vestibular-tradicional-no-domingo\/\",\"url\":\"https:\/\/ri.unipac.br\/repositorio\/unipac-realiza-vestibular-tradicional-no-domingo\/\",\"name\":\"UNIPAC realiza Vestibular tradicional, no domingo - Reposit\u00f3rio Institucional FUPAC\/UNIPAC\",\"isPartOf\":{\"@id\":\"https:\/\/ri.unipac.br\/repositorio\/#website\"},\"datePublished\":\"2019-11-21T11:42:33+00:00\",\"dateModified\":\"2019-11-21T11:43:09+00:00\",\"breadcrumb\":{\"@id\":\"https:\/\/ri.unipac.br\/repositorio\/unipac-realiza-vestibular-tradicional-no-domingo\/#breadcrumb\"},\"inLanguage\":\"pt-BR\",\"potentialAction\":[{\"@type\":\"ReadAction\",\"target\":[\"https:\/\/ri.unipac.br\/repositorio\/unipac-realiza-vestibular-tradicional-no-domingo\/\"]}]},{\"@type\":\"BreadcrumbList\",\"@id\":\"https:\/\/ri.unipac.br\/repositorio\/unipac-realiza-vestibular-tradicional-no-domingo\/#breadcrumb\",\"itemListElement\":[{\"@type\":\"ListItem\",\"position\":1,\"name\":\"In\u00edcio\",\"item\":\"https:\/\/ri.unipac.br\/repositorio\/\"},{\"@type\":\"ListItem\",\"position\":2,\"name\":\"UNIPAC realiza Vestibular tradicional, no domingo\"}]},{\"@type\":\"WebSite\",\"@id\":\"https:\/\/ri.unipac.br\/repositorio\/#website\",\"url\":\"https:\/\/ri.unipac.br\/repositorio\/\",\"name\":\"Reposit\u00f3rio Institucional FUPAC\/UNIPAC\",\"description\":\"Reposit\u00f3rio Institucional FUPAC\/UNIPAC\",\"publisher\":{\"@id\":\"https:\/\/ri.unipac.br\/repositorio\/#organization\"},\"potentialAction\":[{\"@type\":\"SearchAction\",\"target\":{\"@type\":\"EntryPoint\",\"urlTemplate\":\"https:\/\/ri.unipac.br\/repositorio\/?s={search_term_string}\"},\"query-input\":\"required name=search_term_string\"}],\"inLanguage\":\"pt-BR\"},{\"@type\":\"Organization\",\"@id\":\"https:\/\/ri.unipac.br\/repositorio\/#organization\",\"name\":\"Reposit\u00f3rio Institucional FUPAC\/UNIPAC\",\"url\":\"https:\/\/ri.unipac.br\/repositorio\/\",\"logo\":{\"@type\":\"ImageObject\",\"inLanguage\":\"pt-BR\",\"@id\":\"https:\/\/ri.unipac.br\/repositorio\/#\/schema\/logo\/image\/\",\"url\":\"https:\/\/ri.unipac.br\/repositorio\/wp-content\/uploads\/2019\/01\/cropped-Logorepositorio-2.png\",\"contentUrl\":\"https:\/\/ri.unipac.br\/repositorio\/wp-content\/uploads\/2019\/01\/cropped-Logorepositorio-2.png\",\"width\":25,\"height\":25,\"caption\":\"Reposit\u00f3rio Institucional FUPAC\/UNIPAC\"},\"image\":{\"@id\":\"https:\/\/ri.unipac.br\/repositorio\/#\/schema\/logo\/image\/\"},\"sameAs\":[\"https:\/\/www.facebook.com\/bibliotecaunipac\"]},{\"@type\":\"Person\",\"@id\":\"https:\/\/ri.unipac.br\/repositorio\/#\/schema\/person\/6c9af6823d66689cf75afda128350f59\",\"name\":\"Rosy Oliveira\",\"image\":{\"@type\":\"ImageObject\",\"inLanguage\":\"pt-BR\",\"@id\":\"https:\/\/ri.unipac.br\/repositorio\/#\/schema\/person\/image\/\",\"url\":\"https:\/\/secure.gravatar.com\/avatar\/b5eccdbd7cfe3b4e587d643a69db996f?s=96&d=mm&r=g\",\"contentUrl\":\"https:\/\/secure.gravatar.com\/avatar\/b5eccdbd7cfe3b4e587d643a69db996f?s=96&d=mm&r=g\",\"caption\":\"Rosy Oliveira\"},\"description\":\"Possui gradua\u00e7\u00e3o em Biblioteconomia pela Escola de Ci\u00eancia da Informa\u00e7\u00e3o da Universidade Federal de Minas Gerais (UFMG). Especializa\u00e7\u00e3o em Inform\u00e1tica e Educa\u00e7\u00e3o pela Universidade Federal de Lavras (UFLA). Mestranda em Ci\u00eancia da Informa\u00e7\u00e3o (linha de pesquisa em Arquitetura e Organiza\u00e7\u00e3o da Informa\u00e7\u00e3o) pela Escola de Ci\u00eancia da Informa\u00e7\u00e3o da Universidade Federal de Minas Gerais (UFMG). Colaboradora do Grupo de Pesquisa Modelagem Conceitual para Organiza\u00e7\u00e3o e Representa\u00e7\u00e3o da Informa\u00e7\u00e3o Hipertextual- MHTX (UFMG). Bibliotec\u00e1ria. Docente. Indexadora da BIREME. Consultora. Temas de interesse: Organiza\u00e7\u00e3o e Representa\u00e7\u00e3o do Conhecimento. Modelagem conceitual (FRBR, FRAD e FRSAD).\"}]}<\/script>\n<!-- \/ Yoast SEO plugin. -->","yoast_head_json":{"title":"UNIPAC realiza Vestibular tradicional, no domingo - Reposit\u00f3rio Institucional FUPAC\/UNIPAC","robots":{"index":"index","follow":"follow","max-snippet":"max-snippet:-1","max-image-preview":"max-image-preview:large","max-video-preview":"max-video-preview:-1"},"canonical":"https:\/\/ri.unipac.br\/repositorio\/unipac-realiza-vestibular-tradicional-no-domingo\/","og_locale":"pt_BR","og_type":"article","og_title":"UNIPAC realiza Vestibular tradicional, no domingo - Reposit\u00f3rio Institucional FUPAC\/UNIPAC","og_description":"Medicina Veterin\u00e1ria, Odontologia e mais 20 cursos, nas mais diversas \u00e1reas do conhecimento, s\u00e3o oferecidos neste Processo Seletivo O UNIPAC j\u00e1 est\u00e1 nos preparativos finais para o Vestibular UNIPAC 2020 Tradicional, que ser\u00e1 no pr\u00f3ximo domingo (24\/11). Os interessados ainda podem realizar suas inscri\u00e7\u00f5es at\u00e9 dia 21\/11, conferir o edital completo e todas as informa\u00e7\u00f5es [&hellip;]","og_url":"https:\/\/ri.unipac.br\/repositorio\/unipac-realiza-vestibular-tradicional-no-domingo\/","og_site_name":"Reposit\u00f3rio Institucional FUPAC\/UNIPAC","article_publisher":"https:\/\/www.facebook.com\/bibliotecaunipac","article_published_time":"2019-11-21T11:42:33+00:00","article_modified_time":"2019-11-21T11:43:09+00:00","author":"Rosy Oliveira","twitter_card":"summary_large_image","twitter_misc":{"Escrito por":"Rosy Oliveira","Est. tempo de leitura":"2 minutos"},"schema":{"@context":"https:\/\/schema.org","@graph":[{"@type":"Article","@id":"https:\/\/ri.unipac.br\/repositorio\/unipac-realiza-vestibular-tradicional-no-domingo\/#article","isPartOf":{"@id":"https:\/\/ri.unipac.br\/repositorio\/unipac-realiza-vestibular-tradicional-no-domingo\/"},"author":{"name":"Rosy Oliveira","@id":"https:\/\/ri.unipac.br\/repositorio\/#\/schema\/person\/6c9af6823d66689cf75afda128350f59"},"headline":"UNIPAC realiza Vestibular tradicional, no domingo","datePublished":"2019-11-21T11:42:33+00:00","dateModified":"2019-11-21T11:43:09+00:00","mainEntityOfPage":{"@id":"https:\/\/ri.unipac.br\/repositorio\/unipac-realiza-vestibular-tradicional-no-domingo\/"},"wordCount":370,"commentCount":0,"publisher":{"@id":"https:\/\/ri.unipac.br\/repositorio\/#organization"},"articleSection":["Vestibular"],"inLanguage":"pt-BR","potentialAction":[{"@type":"CommentAction","name":"Comment","target":["https:\/\/ri.unipac.br\/repositorio\/unipac-realiza-vestibular-tradicional-no-domingo\/#respond"]}]},{"@type":"WebPage","@id":"https:\/\/ri.unipac.br\/repositorio\/unipac-realiza-vestibular-tradicional-no-domingo\/","url":"https:\/\/ri.unipac.br\/repositorio\/unipac-realiza-vestibular-tradicional-no-domingo\/","name":"UNIPAC realiza Vestibular tradicional, no domingo - Reposit\u00f3rio Institucional FUPAC\/UNIPAC","isPartOf":{"@id":"https:\/\/ri.unipac.br\/repositorio\/#website"},"datePublished":"2019-11-21T11:42:33+00:00","dateModified":"2019-11-21T11:43:09+00:00","breadcrumb":{"@id":"https:\/\/ri.unipac.br\/repositorio\/unipac-realiza-vestibular-tradicional-no-domingo\/#breadcrumb"},"inLanguage":"pt-BR","potentialAction":[{"@type":"ReadAction","target":["https:\/\/ri.unipac.br\/repositorio\/unipac-realiza-vestibular-tradicional-no-domingo\/"]}]},{"@type":"BreadcrumbList","@id":"https:\/\/ri.unipac.br\/repositorio\/unipac-realiza-vestibular-tradicional-no-domingo\/#breadcrumb","itemListElement":[{"@type":"ListItem","position":1,"name":"In\u00edcio","item":"https:\/\/ri.unipac.br\/repositorio\/"},{"@type":"ListItem","position":2,"name":"UNIPAC realiza Vestibular tradicional, no domingo"}]},{"@type":"WebSite","@id":"https:\/\/ri.unipac.br\/repositorio\/#website","url":"https:\/\/ri.unipac.br\/repositorio\/","name":"Reposit\u00f3rio Institucional FUPAC\/UNIPAC","description":"Reposit\u00f3rio Institucional FUPAC\/UNIPAC","publisher":{"@id":"https:\/\/ri.unipac.br\/repositorio\/#organization"},"potentialAction":[{"@type":"SearchAction","target":{"@type":"EntryPoint","urlTemplate":"https:\/\/ri.unipac.br\/repositorio\/?s={search_term_string}"},"query-input":"required name=search_term_string"}],"inLanguage":"pt-BR"},{"@type":"Organization","@id":"https:\/\/ri.unipac.br\/repositorio\/#organization","name":"Reposit\u00f3rio Institucional FUPAC\/UNIPAC","url":"https:\/\/ri.unipac.br\/repositorio\/","logo":{"@type":"ImageObject","inLanguage":"pt-BR","@id":"https:\/\/ri.unipac.br\/repositorio\/#\/schema\/logo\/image\/","url":"https:\/\/ri.unipac.br\/repositorio\/wp-content\/uploads\/2019\/01\/cropped-Logorepositorio-2.png","contentUrl":"https:\/\/ri.unipac.br\/repositorio\/wp-content\/uploads\/2019\/01\/cropped-Logorepositorio-2.png","width":25,"height":25,"caption":"Reposit\u00f3rio Institucional FUPAC\/UNIPAC"},"image":{"@id":"https:\/\/ri.unipac.br\/repositorio\/#\/schema\/logo\/image\/"},"sameAs":["https:\/\/www.facebook.com\/bibliotecaunipac"]},{"@type":"Person","@id":"https:\/\/ri.unipac.br\/repositorio\/#\/schema\/person\/6c9af6823d66689cf75afda128350f59","name":"Rosy Oliveira","image":{"@type":"ImageObject","inLanguage":"pt-BR","@id":"https:\/\/ri.unipac.br\/repositorio\/#\/schema\/person\/image\/","url":"https:\/\/secure.gravatar.com\/avatar\/b5eccdbd7cfe3b4e587d643a69db996f?s=96&d=mm&r=g","contentUrl":"https:\/\/secure.gravatar.com\/avatar\/b5eccdbd7cfe3b4e587d643a69db996f?s=96&d=mm&r=g","caption":"Rosy Oliveira"},"description":"Possui gradua\u00e7\u00e3o em Biblioteconomia pela Escola de Ci\u00eancia da Informa\u00e7\u00e3o da Universidade Federal de Minas Gerais (UFMG). Especializa\u00e7\u00e3o em Inform\u00e1tica e Educa\u00e7\u00e3o pela Universidade Federal de Lavras (UFLA). Mestranda em Ci\u00eancia da Informa\u00e7\u00e3o (linha de pesquisa em Arquitetura e Organiza\u00e7\u00e3o da Informa\u00e7\u00e3o) pela Escola de Ci\u00eancia da Informa\u00e7\u00e3o da Universidade Federal de Minas Gerais (UFMG). Colaboradora do Grupo de Pesquisa Modelagem Conceitual para Organiza\u00e7\u00e3o e Representa\u00e7\u00e3o da Informa\u00e7\u00e3o Hipertextual- MHTX (UFMG). Bibliotec\u00e1ria. Docente. Indexadora da BIREME. Consultora. Temas de interesse: Organiza\u00e7\u00e3o e Representa\u00e7\u00e3o do Conhecimento. Modelagem conceitual (FRBR, FRAD e FRSAD)."}]}},"_links":{"self":[{"href":"https:\/\/ri.unipac.br\/repositorio\/wp-json\/wp\/v2\/posts\/70148"}],"collection":[{"href":"https:\/\/ri.unipac.br\/repositorio\/wp-json\/wp\/v2\/posts"}],"about":[{"href":"https:\/\/ri.unipac.br\/repositorio\/wp-json\/wp\/v2\/types\/post"}],"author":[{"embeddable":true,"href":"https:\/\/ri.unipac.br\/repositorio\/wp-json\/wp\/v2\/users\/4"}],"replies":[{"embeddable":true,"href":"https:\/\/ri.unipac.br\/repositorio\/wp-json\/wp\/v2\/comments?post=70148"}],"version-history":[{"count":1,"href":"https:\/\/ri.unipac.br\/repositorio\/wp-json\/wp\/v2\/posts\/70148\/revisions"}],"predecessor-version":[{"id":70149,"href":"https:\/\/ri.unipac.br\/repositorio\/wp-json\/wp\/v2\/posts\/70148\/revisions\/70149"}],"wp:attachment":[{"href":"https:\/\/ri.unipac.br\/repositorio\/wp-json\/wp\/v2\/media?parent=70148"}],"wp:term":[{"taxonomy":"category","embeddable":true,"href":"https:\/\/ri.unipac.br\/repositorio\/wp-json\/wp\/v2\/categories?post=70148"},{"taxonomy":"post_tag","embeddable":true,"href":"https:\/\/ri.unipac.br\/repositorio\/wp-json\/wp\/v2\/tags?post=70148"},{"taxonomy":"tnc_tax_106621","embeddable":true,"href":"https:\/\/ri.unipac.br\/repositorio\/wp-json\/wp\/v2\/tnc_tax_106621?post=70148"},{"taxonomy":"tnc_tax_87599","embeddable":true,"href":"https:\/\/ri.unipac.br\/repositorio\/wp-json\/wp\/v2\/tnc_tax_87599?post=70148"},{"taxonomy":"tnc_tax_85119","embeddable":true,"href":"https:\/\/ri.unipac.br\/repositorio\/wp-json\/wp\/v2\/tnc_tax_85119?post=70148"},{"taxonomy":"tnc_tax_71119","embeddable":true,"href":"https:\/\/ri.unipac.br\/repositorio\/wp-json\/wp\/v2\/tnc_tax_71119?post=70148"},{"taxonomy":"tnc_tax_69261","embeddable":true,"href":"https:\/\/ri.unipac.br\/repositorio\/wp-json\/wp\/v2\/tnc_tax_69261?post=70148"},{"taxonomy":"tnc_tax_25656","embeddable":true,"href":"https:\/\/ri.unipac.br\/repositorio\/wp-json\/wp\/v2\/tnc_tax_25656?post=70148"}],"curies":[{"name":"wp","href":"https:\/\/api.w.org\/{rel}","templated":true}]}}